{"id":1301,"date":"2020-01-26T17:01:58","date_gmt":"2020-01-26T16:01:58","guid":{"rendered":"https:\/\/klodzinskikancelaria.pl\/?p=1301"},"modified":"2022-03-17T09:50:17","modified_gmt":"2022-03-17T09:50:17","slug":"wzor-wypowiedzenia-umowy-o-prace-przez-pracownika","status":"publish","type":"post","link":"https:\/\/klodzinskikancelaria.pl\/en\/sample-notice-of-termination-of-an-employment-contract-by-an-employee\/","title":{"rendered":"Template of notice of termination of an employment contract by an employee"},"content":{"rendered":"<div data-elementor-type=\"wp-post\" data-elementor-id=\"1301\" class=\"elementor elementor-1301\" data-elementor-post-type=\"post\">\n\t\t\t\t\t\t<section class=\"elementor-section elementor-top-section elementor-element elementor-element-569c2df elementor-section-boxed elementor-section-height-default elementor-section-height-default\" data-id=\"569c2df\" data-element_type=\"section\" data-settings=\"{&quot;jet_parallax_layout_list&quot;:[]}\">\n\t\t\t\t\t\t<div class=\"elementor-container elementor-column-gap-default\">\n\t\t\t\t\t<div class=\"elementor-column elementor-col-100 elementor-top-column elementor-element elementor-element-4c2760b\" data-id=\"4c2760b\" data-element_type=\"column\">\n\t\t\t<div class=\"elementor-widget-wrap elementor-element-populated\">\n\t\t\t\t\t\t<div class=\"elementor-element elementor-element-7b2d20c elementor-widget elementor-widget-text-editor\" data-id=\"7b2d20c\" data-element_type=\"widget\" data-widget_type=\"text-editor.default\">\n\t\t\t\t<div class=\"elementor-widget-container\">\n\t\t\t<style>\/*! elementor - v3.23.0 - 25-07-2024 *\/\n.elementor-widget-text-editor.elementor-drop-cap-view-stacked .elementor-drop-cap{background-color:#69727d;color:#fff}.elementor-widget-text-editor.elementor-drop-cap-view-framed .elementor-drop-cap{color:#69727d;border:3px solid;background-color:transparent}.elementor-widget-text-editor:not(.elementor-drop-cap-view-default) .elementor-drop-cap{margin-top:8px}.elementor-widget-text-editor:not(.elementor-drop-cap-view-default) .elementor-drop-cap-letter{width:1em;height:1em}.elementor-widget-text-editor .elementor-drop-cap{float:left;text-align:center;line-height:1;font-size:50px}.elementor-widget-text-editor .elementor-drop-cap-letter{display:inline-block}<\/style>\t\t\t\t<p style=\"text-align: center; text-indent: 35.4pt; line-height: 150%;\" align=\"center\"><span style=\"font-size: 10.0pt; line-height: 150%; font-family: 'Times New Roman',serif; color: #a6a6a6; mso-themecolor: background1; mso-themeshade: 166;\"><b>Template of notice of termination of an employment contract by an employee<\/b><\/span><\/p>\n<p style=\"text-align: center; text-indent: 35.4pt; line-height: 150%;\" align=\"center\"><span style=\"font-size: 10.0pt; line-height: 150%; font-family: 'Times New Roman',serif; color: #a6a6a6; mso-themecolor: background1; mso-themeshade: 166;\">&nbsp;<\/span><\/p>\n<p style=\"text-align: right;\" align=\"right\"><span style=\"font-family: 'Times New Roman',serif;\">\u2026\u2026\u2026\u2026\u2026\u2026\u2026\u2026\u2026\u2026\u2026\u2026, on\u2026\u2026\u2026\u2026\u2026\u2026<\/span><\/p>\n<p style=\"text-align: right;\" align=\"right\"><span style=\"font-family: 'Times New Roman',serif;\">(place, date)<\/span><span style=\"font-family: 'Times New Roman', serif;\">&nbsp;<\/span><\/p>\n<p><span style=\"font-family: 'Times New Roman',serif;\">\u2026\u2026\u2026\u2026\u2026\u2026\u2026\u2026\u2026\u2026\u2026\u2026..<\/span><\/p>\n<p><span style=\"font-family: 'Times New Roman',serif;\">\u2026\u2026\u2026\u2026\u2026\u2026\u2026\u2026\u2026\u2026\u2026\u2026..<\/span><\/p>\n<p><span style=\"font-family: 'Times New Roman',serif;\">(employee details)<\/span><\/p>\n<p style=\"text-align: right;\" align=\"right\"><span style=\"font-family: 'Times New Roman',serif;\">\u2026\u2026\u2026\u2026\u2026\u2026\u2026\u2026\u2026\u2026..<\/span><\/p>\n<p style=\"text-align: right;\" align=\"right\"><span style=\"font-family: 'Times New Roman',serif;\">\u2026\u2026\u2026\u2026\u2026\u2026\u2026\u2026.\u2026\u2026.<\/span><\/p>\n<p style=\"text-align: right;\" align=\"right\"><span style=\"font-family: 'Times New Roman',serif;\">(employer details)<\/span><b style=\"text-align: center;\"><span style=\"font-family: 'Times New Roman',serif;\">&nbsp;<\/span><\/b><\/p>\n<p style=\"text-align: center;\" align=\"center\"><b><span style=\"font-family: 'Times New Roman',serif;\">Termination of the employment contract<\/span><\/b><span style=\"font-family: 'Times New Roman', serif;\">&nbsp;<\/span><\/p>\n<p style=\"line-height: 150%;\"><span style=\"font-family: 'Times New Roman',serif;\">&nbsp;&nbsp;&nbsp;&nbsp;&nbsp;&nbsp;&nbsp;&nbsp;&nbsp;&nbsp;&nbsp; I hereby terminate the employment contract concluded on \u2026\u2026\u2026.. (date of conclusion of the contract), between \u2026\u2026\u2026\u2026\u2026\u2026\u2026\u2026\u2026\u2026\u2026 (employer&#039;s details), and \u2026\u2026\u2026\u2026\u2026\u2026\u2026\u2026\u2026\u2026\u2026\u2026\u2026 \u2026\u2026 (employee details) subject to the statutory notice period.<\/span><\/p>\n<p><span style=\"font-family: 'Times New Roman', serif; text-align: right;\">&nbsp; &nbsp; &nbsp; &nbsp; &nbsp; &nbsp; &nbsp; &nbsp; &nbsp; &nbsp; &nbsp; &nbsp; &nbsp; &nbsp; &nbsp; &nbsp; &nbsp; &nbsp; &nbsp; &nbsp; &nbsp; &nbsp; &nbsp; &nbsp; &nbsp; &nbsp; &nbsp; &nbsp; &nbsp; &nbsp; &nbsp; &nbsp; &nbsp; &nbsp; &nbsp; &nbsp; &nbsp; &nbsp; &nbsp; &nbsp; &nbsp; &nbsp; &nbsp; &nbsp; &nbsp; &nbsp; &nbsp; &nbsp; &nbsp; &nbsp; &nbsp; &nbsp; &nbsp; &nbsp; &nbsp; &nbsp; &nbsp; &nbsp; &nbsp; &nbsp; &nbsp; &nbsp; &nbsp; &nbsp; \u2026\u2026\u2026\u2026\u2026\u2026\u2026\u2026\u2026\u2026..<\/span><\/p>\n<p style=\"text-align: right;\" align=\"right\"><span style=\"font-family: 'Times New Roman',serif;\">(employee signature)<\/span><\/p>\n<p style=\"text-align: right;\" align=\"right\"><span style=\"font-family: 'Times New Roman',serif;\">&nbsp;<\/span><\/p>\n<p><span style=\"font-family: 'Times New Roman',serif;\">I confirm receipt of the notice of termination:<\/span><\/p>\n<p><span style=\"font-family: 'Times New Roman',serif;\">\u2026\u2026\u2026\u2026\u2026\u2026\u2026\u2026\u2026\u2026\u2026\u2026\u2026\u2026\u2026\u2026.<\/span><\/p>\n<p><\/p>\n<p><span style=\"font-family: 'Times New Roman',serif;\">(date and signature of employer)<\/span><\/p>\t\t\t\t\t\t<\/div>\n\t\t\t\t<\/div>\n\t\t\t\t\t<\/div>\n\t\t<\/div>\n\t\t\t\t\t<\/div>\n\t\t<\/section>\n\t\t\t\t<section class=\"elementor-section elementor-top-section elementor-element elementor-element-1da3a01 elementor-section-boxed elementor-section-height-default elementor-section-height-default\" data-id=\"1da3a01\" data-element_type=\"section\" data-settings=\"{&quot;jet_parallax_layout_list&quot;:[]}\">\n\t\t\t\t\t\t<div class=\"elementor-container elementor-column-gap-default\">\n\t\t\t\t\t<div class=\"elementor-column elementor-col-100 elementor-top-column elementor-element elementor-element-6da5706\" data-id=\"6da5706\" data-element_type=\"column\">\n\t\t\t<div class=\"elementor-widget-wrap elementor-element-populated\">\n\t\t\t\t\t\t<div class=\"elementor-element elementor-element-c48f6f6 elementor-widget elementor-widget-text-editor\" data-id=\"c48f6f6\" data-element_type=\"widget\" data-widget_type=\"text-editor.default\">\n\t\t\t\t<div class=\"elementor-widget-container\">\n\t\t\t\t\t\t\t<p><span style=\"text-align: justify; color: #1e1e1e; font-family: 'Noto Serif'; white-space: pre-wrap;\">The Law Firm reserves that correct completion of the above-mentioned the design requires knowledge and experience, therefore the company accepts no liability for its use without the use of <\/span><span style=\"box-sizing: inherit; text-align: justify; font-weight: 600; color: #1e1e1e; font-family: 'Noto Serif'; white-space: pre-wrap;\"><a style=\"box-sizing: inherit; color: #0073aa; transition-duration: 0s; transition-property: none; outline: 0px;\" href=\"https:\/\/klodzinskikancelaria.pl\/en\/uslugi-prawne\/labor-law-warsaw\/\">services in the field of labor law<\/a><\/span><span style=\"text-align: justify; color: #1e1e1e; font-family: 'Noto Serif'; white-space: pre-wrap;\"> provided professionally by the Law Firm&#039;s lawyers. The costs incurred by employees as a result of incorrectly preparing a notice of termination or not taking advantage of all the opportunities available to them under the law in a given situation often significantly exceed the cost of a professional legal consultation that can be obtained at the Legal Adviser&#039;s Office.<\/span><\/p>\t\t\t\t\t\t<\/div>\n\t\t\t\t<\/div>\n\t\t\t\t\t<\/div>\n\t\t<\/div>\n\t\t\t\t\t<\/div>\n\t\t<\/section>\n\t\t\t\t<\/div>\n\t\t\n\n<div class=\"kk-star-ratings kksr-auto kksr-align-left kksr-valign-bottom\"\n    data-payload='{&quot;align&quot;:&quot;left&quot;,&quot;id&quot;:&quot;1301&quot;,&quot;slug&quot;:&quot;default&quot;,&quot;valign&quot;:&quot;bottom&quot;,&quot;ignore&quot;:&quot;&quot;,&quot;reference&quot;:&quot;auto&quot;,&quot;class&quot;:&quot;&quot;,&quot;count&quot;:&quot;1&quot;,&quot;legendonly&quot;:&quot;&quot;,&quot;readonly&quot;:&quot;&quot;,&quot;score&quot;:&quot;5&quot;,&quot;starsonly&quot;:&quot;&quot;,&quot;best&quot;:&quot;5&quot;,&quot;gap&quot;:&quot;5&quot;,&quot;greet&quot;:&quot;Rate this post&quot;,&quot;legend&quot;:&quot;5\\\/5 - (1 vote)&quot;,&quot;size&quot;:&quot;24&quot;,&quot;title&quot;:&quot;Wz\u00f3r wypowiedzenia umowy o prac\u0119 przez pracownika&quot;,&quot;width&quot;:&quot;142.5&quot;,&quot;_legend&quot;:&quot;{score}\\\/{best} - ({count} {votes})&quot;,&quot;font_factor&quot;:&quot;1.25&quot;}'>\n            \n<div class=\"kksr-stars\">\n    \n<div class=\"kksr-stars-inactive\">\n            <div class=\"kksr-star\" data-star=\"1\" style=\"padding-right: 5px\">\n            \n\n<div class=\"kksr-icon\" style=\"width: 24px; height: 24px;\"><\/div>\n        <\/div>\n            <div class=\"kksr-star\" data-star=\"2\" style=\"padding-right: 5px\">\n            \n\n<div class=\"kksr-icon\" style=\"width: 24px; height: 24px;\"><\/div>\n        <\/div>\n            <div class=\"kksr-star\" data-star=\"3\" style=\"padding-right: 5px\">\n            \n\n<div class=\"kksr-icon\" style=\"width: 24px; height: 24px;\"><\/div>\n        <\/div>\n            <div class=\"kksr-star\" data-star=\"4\" style=\"padding-right: 5px\">\n            \n\n<div class=\"kksr-icon\" style=\"width: 24px; height: 24px;\"><\/div>\n        <\/div>\n            <div class=\"kksr-star\" data-star=\"5\" style=\"padding-right: 5px\">\n            \n\n<div class=\"kksr-icon\" style=\"width: 24px; height: 24px;\"><\/div>\n        <\/div>\n    <\/div>\n    \n<div class=\"kksr-stars-active\" style=\"width: 142.5px;\">\n            <div class=\"kksr-star\" style=\"padding-right: 5px\">\n            \n\n<div class=\"kksr-icon\" style=\"width: 24px; height: 24px;\"><\/div>\n        <\/div>\n            <div class=\"kksr-star\" style=\"padding-right: 5px\">\n            \n\n<div class=\"kksr-icon\" style=\"width: 24px; height: 24px;\"><\/div>\n        <\/div>\n            <div class=\"kksr-star\" style=\"padding-right: 5px\">\n            \n\n<div class=\"kksr-icon\" style=\"width: 24px; height: 24px;\"><\/div>\n        <\/div>\n            <div class=\"kksr-star\" style=\"padding-right: 5px\">\n            \n\n<div class=\"kksr-icon\" style=\"width: 24px; height: 24px;\"><\/div>\n        <\/div>\n            <div class=\"kksr-star\" style=\"padding-right: 5px\">\n            \n\n<div class=\"kksr-icon\" style=\"width: 24px; height: 24px;\"><\/div>\n        <\/div>\n    <\/div>\n<\/div>\n                \n\n<div class=\"kksr-legend\" style=\"font-size: 19.2px;\">\n            5\/5 - (1 vote)    <\/div>\n    <\/div>","protected":false},"excerpt":{"rendered":"<p>Template of notice of termination of an employment contract by an employee. <\/p>","protected":false},"author":4,"featured_media":0,"comment_status":"closed","ping_status":"open","sticky":false,"template":"","format":"standard","meta":{"site-sidebar-layout":"default","site-content-layout":"default","ast-global-header-display":"","ast-banner-title-visibility":"","ast-main-header-display":"","ast-hfb-above-header-display":"","ast-hfb-below-header-display":"","ast-hfb-mobile-header-display":"","site-post-title":"","ast-breadcrumbs-content":"","ast-featured-img":"","footer-sml-layout":"","theme-transparent-header-meta":"","adv-header-id-meta":"","stick-header-meta":"","header-above-stick-meta":"","header-main-stick-meta":"","header-below-stick-meta":"","footnotes":""},"categories":[14],"tags":[],"uslugi-categories":[],"class_list":["post-1301","post","type-post","status-publish","format-standard","hentry","category-prawo-pracy"],"yoast_head":"<!-- This site is optimized with the Yoast SEO Premium plugin v20.10 (Yoast SEO v23.1) - https:\/\/yoast.com\/wordpress\/plugins\/seo\/ -->\n<title>Wz\u00f3r wypowiedzenia umowy o prac\u0119 przez pracownika | K\u0142odzi\u0144ski Kancelaria<\/title>\n<meta name=\"description\" content=\"Wz\u00f3r wypowiedzenia umowy o prac\u0119 przez pracownika | K\u0142odzi\u0144ski Kancelaria\" \/>\n<meta name=\"robots\" content=\"index, follow, max-snippet:-1, max-image-preview:large, max-video-preview:-1\" \/>\n<link rel=\"canonical\" href=\"https:\/\/klodzinskikancelaria.pl\/en\/sample-notice-of-termination-of-an-employment-contract-by-an-employee\/\" \/>\n<meta property=\"og:locale\" content=\"en_GB\" \/>\n<meta property=\"og:type\" content=\"article\" \/>\n<meta property=\"og:title\" content=\"Wz\u00f3r wypowiedzenia umowy o prac\u0119 przez pracownika\" \/>\n<meta property=\"og:description\" content=\"Wz\u00f3r wypowiedzenia umowy o prac\u0119 przez pracownika | K\u0142odzi\u0144ski Kancelaria\" \/>\n<meta property=\"og:url\" content=\"https:\/\/klodzinskikancelaria.pl\/en\/sample-notice-of-termination-of-an-employment-contract-by-an-employee\/\" \/>\n<meta property=\"og:site_name\" content=\"K\u0142odzi\u0144ski Kancelaria\" \/>\n<meta property=\"article:publisher\" content=\"https:\/\/www.facebook.com\/profile.php?id=100063452360012\" \/>\n<meta property=\"article:published_time\" content=\"2020-01-26T16:01:58+00:00\" \/>\n<meta property=\"article:modified_time\" content=\"2022-03-17T09:50:17+00:00\" \/>\n<meta name=\"author\" content=\"Piotr K\u0142odzi\u0144ski\" \/>\n<meta name=\"twitter:card\" content=\"summary_large_image\" \/>\n<meta name=\"twitter:creator\" content=\"@KlodzinskiPiotr\" \/>\n<meta name=\"twitter:site\" content=\"@KlodzinskiPiotr\" \/>\n<meta name=\"twitter:label1\" content=\"Written by\" \/>\n\t<meta name=\"twitter:data1\" content=\"Piotr K\u0142odzi\u0144ski\" \/>\n\t<meta name=\"twitter:label2\" content=\"Estimated reading time\" \/>\n\t<meta name=\"twitter:data2\" content=\"2 minutes\" \/>\n<script type=\"application\/ld+json\" class=\"yoast-schema-graph\">{\"@context\":\"https:\/\/schema.org\",\"@graph\":[{\"@type\":\"Article\",\"@id\":\"https:\/\/klodzinskikancelaria.pl\/wzor-wypowiedzenia-umowy-o-prace-przez-pracownika\/#article\",\"isPartOf\":{\"@id\":\"https:\/\/klodzinskikancelaria.pl\/wzor-wypowiedzenia-umowy-o-prace-przez-pracownika\/\"},\"author\":{\"name\":\"Piotr K\u0142odzi\u0144ski\",\"@id\":\"https:\/\/klodzinskikancelaria.pl\/#\/schema\/person\/f0a138d9b8e19a879d49857458dc6c99\"},\"headline\":\"Wz\u00f3r wypowiedzenia umowy o prac\u0119 przez pracownika\",\"datePublished\":\"2020-01-26T16:01:58+00:00\",\"dateModified\":\"2022-03-17T09:50:17+00:00\",\"mainEntityOfPage\":{\"@id\":\"https:\/\/klodzinskikancelaria.pl\/wzor-wypowiedzenia-umowy-o-prace-przez-pracownika\/\"},\"wordCount\":230,\"publisher\":{\"@id\":\"https:\/\/klodzinskikancelaria.pl\/#organization\"},\"articleSection\":[\"Prawo Pracy\"],\"inLanguage\":\"en-GB\"},{\"@type\":\"WebPage\",\"@id\":\"https:\/\/klodzinskikancelaria.pl\/wzor-wypowiedzenia-umowy-o-prace-przez-pracownika\/\",\"url\":\"https:\/\/klodzinskikancelaria.pl\/wzor-wypowiedzenia-umowy-o-prace-przez-pracownika\/\",\"name\":\"Wz\u00f3r wypowiedzenia umowy o prac\u0119 przez pracownika | K\u0142odzi\u0144ski Kancelaria\",\"isPartOf\":{\"@id\":\"https:\/\/klodzinskikancelaria.pl\/#website\"},\"datePublished\":\"2020-01-26T16:01:58+00:00\",\"dateModified\":\"2022-03-17T09:50:17+00:00\",\"description\":\"Wz\u00f3r wypowiedzenia umowy o prac\u0119 przez pracownika | K\u0142odzi\u0144ski Kancelaria\",\"inLanguage\":\"en-GB\",\"potentialAction\":[{\"@type\":\"ReadAction\",\"target\":[\"https:\/\/klodzinskikancelaria.pl\/wzor-wypowiedzenia-umowy-o-prace-przez-pracownika\/\"]}]},{\"@type\":\"WebSite\",\"@id\":\"https:\/\/klodzinskikancelaria.pl\/#website\",\"url\":\"https:\/\/klodzinskikancelaria.pl\/\",\"name\":\"K\u0142odzi\u0144ski Kancelaria\",\"description\":\"Kancelaria Radcy Prawnego z Warszawy\",\"publisher\":{\"@id\":\"https:\/\/klodzinskikancelaria.pl\/#organization\"},\"potentialAction\":[{\"@type\":\"SearchAction\",\"target\":{\"@type\":\"EntryPoint\",\"urlTemplate\":\"https:\/\/klodzinskikancelaria.pl\/?s={search_term_string}\"},\"query-input\":\"required name=search_term_string\"}],\"inLanguage\":\"en-GB\"},{\"@type\":\"Organization\",\"@id\":\"https:\/\/klodzinskikancelaria.pl\/#organization\",\"name\":\"Kancelaria Radcy Prawnego - Piotra K\u0142odzi\u0144skiego\",\"url\":\"https:\/\/klodzinskikancelaria.pl\/\",\"logo\":{\"@type\":\"ImageObject\",\"inLanguage\":\"en-GB\",\"@id\":\"https:\/\/klodzinskikancelaria.pl\/#\/schema\/logo\/image\/\",\"url\":\"https:\/\/klodzinskikancelaria.pl\/wp-content\/uploads\/2020\/04\/klodzinski-kancelaria-logo.png\",\"contentUrl\":\"https:\/\/klodzinskikancelaria.pl\/wp-content\/uploads\/2020\/04\/klodzinski-kancelaria-logo.png\",\"width\":200,\"height\":58,\"caption\":\"Kancelaria Radcy Prawnego - Piotra K\u0142odzi\u0144skiego\"},\"image\":{\"@id\":\"https:\/\/klodzinskikancelaria.pl\/#\/schema\/logo\/image\/\"},\"sameAs\":[\"https:\/\/www.facebook.com\/profile.php?id=100063452360012\",\"https:\/\/x.com\/KlodzinskiPiotr\"]},{\"@type\":\"Person\",\"@id\":\"https:\/\/klodzinskikancelaria.pl\/#\/schema\/person\/f0a138d9b8e19a879d49857458dc6c99\",\"name\":\"Piotr K\u0142odzi\u0144ski\",\"image\":{\"@type\":\"ImageObject\",\"inLanguage\":\"en-GB\",\"@id\":\"https:\/\/klodzinskikancelaria.pl\/#\/schema\/person\/image\/\",\"url\":\"https:\/\/secure.gravatar.com\/avatar\/44cde8fb58c18d734bbdc5f59bf306a4?s=96&d=mm&r=g\",\"contentUrl\":\"https:\/\/secure.gravatar.com\/avatar\/44cde8fb58c18d734bbdc5f59bf306a4?s=96&d=mm&r=g\",\"caption\":\"Piotr K\u0142odzi\u0144ski\"},\"description\":\"Radca Prawny, Za\u0142o\u017cyciel Kancelarii\",\"sameAs\":[\"https:\/\/klodzinskikancelaria.pl\/\"]}]}<\/script>\n<!-- \/ Yoast SEO Premium plugin. -->","yoast_head_json":{"title":"Wz\u00f3r wypowiedzenia umowy o prac\u0119 przez pracownika | K\u0142odzi\u0144ski Kancelaria","description":"Wz\u00f3r wypowiedzenia umowy o prac\u0119 przez pracownika | K\u0142odzi\u0144ski Kancelaria","robots":{"index":"index","follow":"follow","max-snippet":"max-snippet:-1","max-image-preview":"max-image-preview:large","max-video-preview":"max-video-preview:-1"},"canonical":"https:\/\/klodzinskikancelaria.pl\/en\/sample-notice-of-termination-of-an-employment-contract-by-an-employee\/","og_locale":"en_GB","og_type":"article","og_title":"Wz\u00f3r wypowiedzenia umowy o prac\u0119 przez pracownika","og_description":"Wz\u00f3r wypowiedzenia umowy o prac\u0119 przez pracownika | K\u0142odzi\u0144ski Kancelaria","og_url":"https:\/\/klodzinskikancelaria.pl\/en\/sample-notice-of-termination-of-an-employment-contract-by-an-employee\/","og_site_name":"K\u0142odzi\u0144ski Kancelaria","article_publisher":"https:\/\/www.facebook.com\/profile.php?id=100063452360012","article_published_time":"2020-01-26T16:01:58+00:00","article_modified_time":"2022-03-17T09:50:17+00:00","author":"Piotr K\u0142odzi\u0144ski","twitter_card":"summary_large_image","twitter_creator":"@KlodzinskiPiotr","twitter_site":"@KlodzinskiPiotr","twitter_misc":{"Written by":"Piotr K\u0142odzi\u0144ski","Estimated reading time":"2 minutes"},"schema":{"@context":"https:\/\/schema.org","@graph":[{"@type":"Article","@id":"https:\/\/klodzinskikancelaria.pl\/wzor-wypowiedzenia-umowy-o-prace-przez-pracownika\/#article","isPartOf":{"@id":"https:\/\/klodzinskikancelaria.pl\/wzor-wypowiedzenia-umowy-o-prace-przez-pracownika\/"},"author":{"name":"Piotr K\u0142odzi\u0144ski","@id":"https:\/\/klodzinskikancelaria.pl\/#\/schema\/person\/f0a138d9b8e19a879d49857458dc6c99"},"headline":"Wz\u00f3r wypowiedzenia umowy o prac\u0119 przez pracownika","datePublished":"2020-01-26T16:01:58+00:00","dateModified":"2022-03-17T09:50:17+00:00","mainEntityOfPage":{"@id":"https:\/\/klodzinskikancelaria.pl\/wzor-wypowiedzenia-umowy-o-prace-przez-pracownika\/"},"wordCount":230,"publisher":{"@id":"https:\/\/klodzinskikancelaria.pl\/#organization"},"articleSection":["Prawo Pracy"],"inLanguage":"en-GB"},{"@type":"WebPage","@id":"https:\/\/klodzinskikancelaria.pl\/wzor-wypowiedzenia-umowy-o-prace-przez-pracownika\/","url":"https:\/\/klodzinskikancelaria.pl\/wzor-wypowiedzenia-umowy-o-prace-przez-pracownika\/","name":"Wz\u00f3r wypowiedzenia umowy o prac\u0119 przez pracownika | K\u0142odzi\u0144ski Kancelaria","isPartOf":{"@id":"https:\/\/klodzinskikancelaria.pl\/#website"},"datePublished":"2020-01-26T16:01:58+00:00","dateModified":"2022-03-17T09:50:17+00:00","description":"Wz\u00f3r wypowiedzenia umowy o prac\u0119 przez pracownika | K\u0142odzi\u0144ski Kancelaria","inLanguage":"en-GB","potentialAction":[{"@type":"ReadAction","target":["https:\/\/klodzinskikancelaria.pl\/wzor-wypowiedzenia-umowy-o-prace-przez-pracownika\/"]}]},{"@type":"WebSite","@id":"https:\/\/klodzinskikancelaria.pl\/#website","url":"https:\/\/klodzinskikancelaria.pl\/","name":"K\u0142odzi\u0144ski Kancelaria","description":"Kancelaria Radcy Prawnego z Warszawy","publisher":{"@id":"https:\/\/klodzinskikancelaria.pl\/#organization"},"potentialAction":[{"@type":"SearchAction","target":{"@type":"EntryPoint","urlTemplate":"https:\/\/klodzinskikancelaria.pl\/?s={search_term_string}"},"query-input":"required name=search_term_string"}],"inLanguage":"en-GB"},{"@type":"Organization","@id":"https:\/\/klodzinskikancelaria.pl\/#organization","name":"Kancelaria Radcy Prawnego - Piotra K\u0142odzi\u0144skiego","url":"https:\/\/klodzinskikancelaria.pl\/","logo":{"@type":"ImageObject","inLanguage":"en-GB","@id":"https:\/\/klodzinskikancelaria.pl\/#\/schema\/logo\/image\/","url":"https:\/\/klodzinskikancelaria.pl\/wp-content\/uploads\/2020\/04\/klodzinski-kancelaria-logo.png","contentUrl":"https:\/\/klodzinskikancelaria.pl\/wp-content\/uploads\/2020\/04\/klodzinski-kancelaria-logo.png","width":200,"height":58,"caption":"Kancelaria Radcy Prawnego - Piotra K\u0142odzi\u0144skiego"},"image":{"@id":"https:\/\/klodzinskikancelaria.pl\/#\/schema\/logo\/image\/"},"sameAs":["https:\/\/www.facebook.com\/profile.php?id=100063452360012","https:\/\/x.com\/KlodzinskiPiotr"]},{"@type":"Person","@id":"https:\/\/klodzinskikancelaria.pl\/#\/schema\/person\/f0a138d9b8e19a879d49857458dc6c99","name":"Piotr K\u0142odzi\u0144ski","image":{"@type":"ImageObject","inLanguage":"en-GB","@id":"https:\/\/klodzinskikancelaria.pl\/#\/schema\/person\/image\/","url":"https:\/\/secure.gravatar.com\/avatar\/44cde8fb58c18d734bbdc5f59bf306a4?s=96&d=mm&r=g","contentUrl":"https:\/\/secure.gravatar.com\/avatar\/44cde8fb58c18d734bbdc5f59bf306a4?s=96&d=mm&r=g","caption":"Piotr K\u0142odzi\u0144ski"},"description":"Radca Prawny, Za\u0142o\u017cyciel Kancelarii","sameAs":["https:\/\/klodzinskikancelaria.pl\/"]}]}},"_links":{"self":[{"href":"https:\/\/klodzinskikancelaria.pl\/en\/wp-json\/wp\/v2\/posts\/1301"}],"collection":[{"href":"https:\/\/klodzinskikancelaria.pl\/en\/wp-json\/wp\/v2\/posts"}],"about":[{"href":"https:\/\/klodzinskikancelaria.pl\/en\/wp-json\/wp\/v2\/types\/post"}],"author":[{"embeddable":true,"href":"https:\/\/klodzinskikancelaria.pl\/en\/wp-json\/wp\/v2\/users\/4"}],"replies":[{"embeddable":true,"href":"https:\/\/klodzinskikancelaria.pl\/en\/wp-json\/wp\/v2\/comments?post=1301"}],"version-history":[{"count":0,"href":"https:\/\/klodzinskikancelaria.pl\/en\/wp-json\/wp\/v2\/posts\/1301\/revisions"}],"wp:attachment":[{"href":"https:\/\/klodzinskikancelaria.pl\/en\/wp-json\/wp\/v2\/media?parent=1301"}],"wp:term":[{"taxonomy":"category","embeddable":true,"href":"https:\/\/klodzinskikancelaria.pl\/en\/wp-json\/wp\/v2\/categories?post=1301"},{"taxonomy":"post_tag","embeddable":true,"href":"https:\/\/klodzinskikancelaria.pl\/en\/wp-json\/wp\/v2\/tags?post=1301"},{"taxonomy":"uslugi-categories","embeddable":true,"href":"https:\/\/klodzinskikancelaria.pl\/en\/wp-json\/wp\/v2\/uslugi-categories?post=1301"}],"curies":[{"name":"wp","href":"https:\/\/api.w.org\/{rel}","templated":true}]}}